{"id":2077,"date":"2026-05-22T17:44:20","date_gmt":"2026-05-22T17:44:20","guid":{"rendered":"https:\/\/communis.org.ba\/?p=2077"},"modified":"2026-05-22T17:44:20","modified_gmt":"2026-05-22T17:44:20","slug":"zene-iz-tri-regije-bih-ambasadorice-zenskih-prava","status":"publish","type":"post","link":"https:\/\/communis.org.ba\/?p=2077","title":{"rendered":"\u017dene iz tri regije BiH ambasadorice \u017eenskih prava"},"content":{"rendered":"\n<p class=\"wp-block-paragraph\">U okviru projekta \u201eOd osna\u017eivanja do promjene \u2013 ambasadorice i ambasadori \u017eenskih prava u Bosni i Hercegovini\u201c, koji finansira Evropska unija, uspje\u0161no je zavr\u0161ena edukacija o ekonomskim i socijalnim pravima \u017eena, saop\u0107eno je iz organizacije.<\/p>\n\n\n\n<p class=\"wp-block-paragraph\">Na edukaciji je u\u010destvovalo oko 200 \u017eena iz razli\u010ditih dijelova Bosne i Hercegovine, a nakon zavr\u0161etka programa odabrano je 20 ambasadorica \u017eenskih prava koje \u0107e u narednom periodu djelovati u svojim lokalnim zajednicama.<\/p>\n\n\n\n<p class=\"wp-block-paragraph\">Izabrane ambasadorice dolaze iz tri regije: Tuzlanskog kantona i Unsko-sanskog kantona, po sedam u\u010desnica, te regije Bira\u010d, iz koje dolazi \u0161est ambasadorica.<\/p>\n\n\n\n<p class=\"wp-block-paragraph\">Njihov budu\u0107i anga\u017eman usmjeren je na ja\u010danje svijesti o ekonomskim i socijalnim pravima \u017eena, rad sa mladima, organizaciju lokalnih radionica te izradu akcionih planova koji bi trebali doprinijeti unapre\u0111enju polo\u017eaja \u017eena u zajednicama.<\/p>\n\n\n\n<p class=\"wp-block-paragraph\">Poseban zna\u010daj projektu, kako se navodi, ima regija Bira\u010d i udru\u017eenje \u201eSara-Srebrenica\u201c, koje ovaj program vidi kao va\u017ean resurs za ja\u010danje \u017eenskih inicijativa i lokalne solidarnosti.<\/p>\n\n\n\n<p class=\"wp-block-paragraph\">Projekat realizuju DVV International \u2013 Ured za Bosnu i Hercegovinu, u partnerstvu sa Centrom za edukaciju i istra\u017eivanje CEI Nahla i Udru\u017eenjem \u201eSara-Srebrenica\u201c, uz finansijsku podr\u0161ku Evropske unije.<\/p>\n\n\n\n<p class=\"wp-block-paragraph\">Evropska unija kontinuirano podr\u017eava ja\u010danje ljudskih prava, rodne jednakosti i aktivnog gra\u0111anstva u Bosni i Hercegovini.<\/p>\n\n\n\n<p class=\"wp-block-paragraph\">Foto: Udru\u017eenje \u201eSara-Srebrenica\u201c<\/p>\n","protected":false},"excerpt":{"rendered":"<p>U okviru projekta \u201eOd osna\u017eivanja do promjene \u2013 ambasadorice i ambasadori \u017eenskih prava u Bosni i Hercegovini\u201c, koji finansira Evropska unija, uspje\u0161no je zavr\u0161ena edukacija o ekonomskim i socijalnim pravima \u017eena, saop\u0107eno je iz organizacije. Na edukaciji je u\u010destvovalo oko 200 \u017eena iz razli\u010ditih dijelova<span class=\"more-link\"><a href=\"https:\/\/communis.org.ba\/?p=2077\">Ceo tekst&#8230;<\/a><\/span><\/p>\n","protected":false},"author":1,"featured_media":2079,"comment_status":"closed","ping_status":"open","sticky":false,"template":"","format":"standard","meta":{"footnotes":""},"categories":[265],"tags":[],"class_list":["entry","author-admin","post-2077","post","type-post","status-publish","format-standard","has-post-thumbnail","category-bih"],"_links":{"self":[{"href":"https:\/\/communis.org.ba\/index.php?rest_route=\/wp\/v2\/posts\/2077","targetHints":{"allow":["GET"]}}],"collection":[{"href":"https:\/\/communis.org.ba\/index.php?rest_route=\/wp\/v2\/posts"}],"about":[{"href":"https:\/\/communis.org.ba\/index.php?rest_route=\/wp\/v2\/types\/post"}],"author":[{"embeddable":true,"href":"https:\/\/communis.org.ba\/index.php?rest_route=\/wp\/v2\/users\/1"}],"replies":[{"embeddable":true,"href":"https:\/\/communis.org.ba\/index.php?rest_route=%2Fwp%2Fv2%2Fcomments&post=2077"}],"version-history":[{"count":1,"href":"https:\/\/communis.org.ba\/index.php?rest_route=\/wp\/v2\/posts\/2077\/revisions"}],"predecessor-version":[{"id":2080,"href":"https:\/\/communis.org.ba\/index.php?rest_route=\/wp\/v2\/posts\/2077\/revisions\/2080"}],"wp:featuredmedia":[{"embeddable":true,"href":"https:\/\/communis.org.ba\/index.php?rest_route=\/wp\/v2\/media\/2079"}],"wp:attachment":[{"href":"https:\/\/communis.org.ba\/index.php?rest_route=%2Fwp%2Fv2%2Fmedia&parent=2077"}],"wp:term":[{"taxonomy":"category","embeddable":true,"href":"https:\/\/communis.org.ba\/index.php?rest_route=%2Fwp%2Fv2%2Fcategories&post=2077"},{"taxonomy":"post_tag","embeddable":true,"href":"https:\/\/communis.org.ba\/index.php?rest_route=%2Fwp%2Fv2%2Ftags&post=2077"}],"curies":[{"name":"wp","href":"https:\/\/api.w.org\/{rel}","templated":true}]}}